{"id":76584,"date":"2020-07-09T14:05:52","date_gmt":"2020-07-09T19:05:52","guid":{"rendered":"https:\/\/pulmonx.com\/?p=76584"},"modified":"2020-07-09T14:08:02","modified_gmt":"2020-07-09T19:08:02","slug":"e-jordan-aus-wien","status":"publish","type":"post","link":"https:\/\/pulmonx.com\/de\/e-jordan-aus-wien\/","title":{"rendered":"E. Jordan aus Wien"},"content":{"rendered":"<!--themify_builder_content-->\n<div id=\"themify_builder_content-76584\" data-postid=\"76584\" class=\"themify_builder_content themify_builder_content-76584 themify_builder tf_clear\">\n                    <div  data-lazy=\"1\" class=\"module_row themify_builder_row tb_xfhu306 tb_first tf_w\">\n                        <div class=\"row_inner col_align_top tb_col_count_1 tf_box tf_rel\">\n                        <div  data-lazy=\"1\" class=\"module_column tb-column col-full tb_fr0x307 first\">\n                    <!-- module text -->\n<div  class=\"module module-text tb_drrt670   \" data-lazy=\"1\">\n        <div  class=\"tb_text_wrap\">\n        <h1 style=\"text-align: center;\">E. Jordan aus Wien<\/h1>\n    <\/div>\n<\/div>\n<!-- \/module text -->        <div  data-lazy=\"1\" class=\"module_subrow themify_builder_sub_row tf_w col_align_top tb_col_count_2 tb_lqxa822\">\n                <div  data-lazy=\"1\" class=\"module_column sub_column col3-1 tb_bh40824 first\">\n                    <!-- module image -->\n<div  class=\"module module-image tb_fci9305 image-top   tf_mw\" data-lazy=\"1\">\n        <div class=\"image-wrap tf_rel tf_mw\">\n            <img decoding=\"async\" width=\"800\" height=\"800\" src=\"https:\/\/pulmonx.com\/wp-content\/uploads\/2020\/07\/E-Jordan-Patient-Success.jpg\" class=\"wp-post-image wp-image-76585\" title=\"E-Jordan-Patient-Success\" alt=\"E-Jordan-Patient-Success\" srcset=\"https:\/\/pulmonx.com\/wp-content\/uploads\/2020\/07\/E-Jordan-Patient-Success.jpg 800w, https:\/\/pulmonx.com\/wp-content\/uploads\/2020\/07\/E-Jordan-Patient-Success-300x300.jpg 300w, https:\/\/pulmonx.com\/wp-content\/uploads\/2020\/07\/E-Jordan-Patient-Success-150x150.jpg 150w, https:\/\/pulmonx.com\/wp-content\/uploads\/2020\/07\/E-Jordan-Patient-Success-768x768.jpg 768w\" sizes=\"(max-width: 800px) 100vw, 800px\" \/>    \n        <\/div>\n    <!-- \/image-wrap -->\n    \n        <\/div>\n<!-- \/module image --><!-- module text -->\n<div  class=\"module module-text tb_l3w2598   \" data-lazy=\"1\">\n        <div  class=\"tb_text_wrap\">\n        <h4 class=\"p1\">Details zur Behandlung:<\/h4>\n<p class=\"p1\">Alter beim Eingriff: 55 Jahre<\/p>\n<p class=\"p1\">Behandlungszentrum: Otto-Wagner-Spital Wien<\/p>\n<p class=\"p1\">Datum des Eingriffs: Januar 2017<\/p>    <\/div>\n<\/div>\n<!-- \/module text -->        <\/div>\n                    <div  data-lazy=\"1\" class=\"module_column sub_column col3-2 tb_uh9p824 last\">\n                    <!-- module text -->\n<div  class=\"module module-text tb_gm38571   \" data-lazy=\"1\">\n        <div  class=\"tb_text_wrap\">\n        <h2 class=\"p1\">Mein Leben vor der Behandlung:<\/h2>\n<p class=\"p1\">Die Diagnose COPD erhielt ich etwa im Jahr 2000: Ich war selbst\u00e4ndig, ziemlich viel im Einsatz, machte wenig bis gar keinen Sport, habe viel geraucht und ich begann mit Schwierigkeiten Luft zu bekommen. Mein Lungenarzt sagte mir, dass ich COPD im 2. Grad h\u00e4tte. Meine Reaktion war: \u201eJa, ist halt so. Nicht so schlimm.\u201c \u2013 und das, obwohl mein Vater mit einer schweren Lungenkrankheit zu k\u00e4mpfen hatte. Einen ziemlichen Knacks bekam meine Gesundheit dann mit einem beruflichen und privaten Schicksalsschlag.<\/p>\n<p class=\"p1\">Pl\u00f6tzlich bekam ich keine Luft mehr und keuchte nach 100 Meter \u2013 Diagnose: COPD-Stadium 3 \u2013 mit dem Hinweis \u201eWenn Sie nicht schnell zu Rauchen aufh\u00f6ren, brauchen Sie demn\u00e4chst Sauerstoff und dann sind Sie komplett im Abseits.\u201c Zwischenzeitlich hatte ich u.a. damit begonnen Atemtraining zu machen. Trotzdem habe ich weiter geraucht und die langen N\u00e4chte genossen. Das hatte jedoch ein j\u00e4hes Ende, als ich 2014 pl\u00f6tzlich beim Einkaufen merkte, dass ich nur noch meterweise vorankam und dann per Rettungswagen ins Spital, auf die Intensivstation, eingeliefert werden musste.<\/p>\n<p class=\"p1\">Heute kann ich sagen, mein Aufenthalt auf der Intensivstation war die Chance fu\u0308r einen Neuanfang. Allerdings war es schwierig wieder zuru\u0308ckzufinden. Ich konnte kaum noch 10 Meter gehen ohne schwere Atemnot zu bekommen. Und so begann ein langer Weg wieder retour mit Hilfe meiner T\u00f6chter und Freunde, die mich die erste Zeit bei meinen ,,Ausflu\u0308gen\u201d begleiteten \u2013 damit ich auch sicher war, wieder heil zu Hause anzukommen.<\/p>    <\/div>\n<\/div>\n<!-- \/module text -->        <\/div>\n                    <\/div>\n                <div  data-lazy=\"1\" class=\"module_subrow themify_builder_sub_row tf_w col_align_top tb_col_count_1 tb_cby9454\">\n                <div  data-lazy=\"1\" class=\"module_column sub_column col-full tb_x7ej455 first\">\n                    <!-- module divider -->\n<div  class=\"module tf_mw module-divider tb_bged263 solid   \" style=\"border-width: 1px;border-color: #3095b4;margin-top: 30px;margin-bottom: 30px;\" data-lazy=\"1\">\n    <\/div>\n<!-- \/module divider -->\n        <\/div>\n                    <\/div>\n                <div  data-lazy=\"1\" class=\"module_subrow themify_builder_sub_row tf_w col_align_top tb_col_count_2 tb_vpsw837\">\n                <div  data-lazy=\"1\" class=\"module_column sub_column col3-2 tb_4ziv838 first\">\n                    <!-- module text -->\n<div  class=\"module module-text tb_7i0z360   \" data-lazy=\"1\">\n        <div  class=\"tb_text_wrap\">\n        <h2 class=\"p1\">Mein Leben nach der Behandlung:<\/h2>\n<p class=\"p1\">Nach diversen gesundheitlichen R\u00fcckschl\u00e4gen und darauf folgenden Interventionen und Korrekturen wurde im Januar 2017 dann die eigentliche Zephyr-Ventil-Implantation im Otto-Wagner-Spital (OWS) in Wien durchgefu\u0308hrt. Drei Monate nach erfolgter Implantation war ich wieder auf einem guten Weg. Urspru\u0308nglich bei 24 % FEV<span class=\"s1\">1\u00a0<\/span>(Einsekundenkapazit\u00e4t beim Ausatmen) vom Soll gestartet, lag mein FEV<span class=\"s1\">1<\/span>-Wert nun bei 36 % \u2013 mit der Tendenz weiter nach oben.<\/p>\n<p class=\"p1\">Mein COPD-Stadium ist seitdem von 4 auf 3 heruntergestuft worden und ich kann wieder ohne Ersch\u00f6pfung spazieren gehen, meine allt\u00e4glichen T\u00e4tigkeiten erledigen und viel sch\u00f6ne Zeit mit meinen Kindern und meinem Enkel verbringen. Ich schaffe sogar die 1.000 m in mein Fitnessstudio wieder zu Fu\u00df, langsam zwar \u2013 aber aus eigener Kraft. Dies klappt aber nur, da das Training fu\u0308r mich zu einer lebensbegleitenden T\u00e4tigkeit geworden ist \u2013 bis heute. Die Einnahme auf mich abgestimmter Medikamente, eine gesunde Ern\u00e4hrung und viel Liebe und Begleitung \u2013 auch durch \u00c4rzte &amp; Therapeuten \u2013 sind weitere wichtige Faktoren. Da ich auch anderen COPD-Patienten Mut und Zuversicht geben m\u00f6chte, habe ich im Januar 2017 meinen eigenen Blog\u00a0<a href=\"https:\/\/mycopd-blog.com\/2019\/10\/16\/auf-den-spuren\/\" target=\"_blank\" rel=\"noopener noreferrer\">myCOPD-blog.com<\/a>\u00a0ins Leben gerufen.<\/p>\n<p class=\"p1\">Aus denselben Gru\u0308nden habe ich mich auch meiner pers\u00f6nlichen Herausforderung gestellt, die 343 Stufen auf den Stephansdom in Wien hinaufzusteigen. Dies habe ich am 21. November 2018 nach langem und gezielten Training erfolgreich geschafft. Durch diese Aktion konnte ich der Krankheit COPD eine Stimme geben \u2013 mit \u00fcberw\u00e4ltigender Resonanz. Am 20. November 2019 stelle ich mich der n\u00e4chsten Challenge: die 776 Stufen des Wiener Donauturms hinaufsteigen!<\/p>\n<h6>*Criner G et al AM J Resp Crit Care Med 2018, Published on 22\u2010May\u20102018 as 10.1164\/rccm.201803 0590OC<\/h6>    <\/div>\n<\/div>\n<!-- \/module text -->        <\/div>\n                    <div  data-lazy=\"1\" class=\"module_column sub_column col3-1 tb_xi0j838 last\">\n                    <!-- module image -->\n<div  class=\"module module-image tb_i9sp164 image-top   tf_mw\" data-lazy=\"1\">\n        <div class=\"image-wrap tf_rel tf_mw\">\n            <img decoding=\"async\" width=\"567\" height=\"377\" src=\"https:\/\/pulmonx.com\/wp-content\/uploads\/2020\/07\/Zephyr-Success-Story-Jordan.jpg\" class=\"wp-post-image wp-image-76590\" title=\"Zephyr-Success-Story-Jordan\" alt=\"Zephyr-Success-Story-Jordan\" srcset=\"https:\/\/pulmonx.com\/wp-content\/uploads\/2020\/07\/Zephyr-Success-Story-Jordan.jpg 567w, https:\/\/pulmonx.com\/wp-content\/uploads\/2020\/07\/Zephyr-Success-Story-Jordan-300x199.jpg 300w\" sizes=\"(max-width: 567px) 100vw, 567px\" \/>    \n        <\/div>\n    <!-- \/image-wrap -->\n    \n        <\/div>\n<!-- \/module image --><!-- module text -->\n<div  class=\"module module-text tb_u7kd875   \" data-lazy=\"1\">\n        <div  class=\"tb_text_wrap\">\n        <h6 class=\"p1\">Das Zephyr\u00ae Endobronchialventil (EBV) ist ein implantierbares Bronchialventil, das den Luftstrom kontrollieren soll, um die Lungenfunktion bei Patienten mit \u00dcberbl\u00e4hung im Zusammenhang mit einem schweren Emphysem zu verbessern und\/oder Fisteln zu reduzieren. Das Zephyr\u2010Ventil ist kontraindiziert bei: Patienten, bei denen bronchoskopische Verfahren kontraindiziert sind; Patienten mit Hinweis auf eine aktive pulmonale Infektion; Patienten mit bekannten Allergien gegen Nitinol (Nickel\u2010Titan) oder Metallbestandteile (Nickel oder Titan); Patienten mit bekannten Allergien gegen Silikon; aktiven Rauchern. Der Gebrauch ist geschulten \u00c4rzten vorbehalten. Vor dem Gebrauch sind alle weiteren Angaben zu Anwendungsgebieten, Gegenanzeigen, Warnhinweisen, Vorsichtshinweisen und Nebenwirkungen in der Gebrauchsanleitung fu\u0308r das Zephyr\u00ae Endobronchialventilsystem zu beachten.<\/h6>\n<h6>P0802DE_A<\/h6>    <\/div>\n<\/div>\n<!-- \/module text -->        <\/div>\n                    <\/div>\n                <\/div>\n                        <\/div>\n        <\/div>\n        <\/div>\n<!--\/themify_builder_content-->","protected":false},"excerpt":{"rendered":"<p>\u2026aktiv bleiben und das Leben genie\u00dfen!<\/p>\n","protected":false},"author":2,"featured_media":76585,"comment_status":"closed","ping_status":"closed","sticky":false,"template":"","format":"standard","meta":{"_acf_changed":false,"footnotes":""},"categories":[46],"tags":[],"class_list":["post-76584","post","type-post","status-publish","format-standard","has-post-thumbnail","hentry","category-patientengeschichte","has-post-title","has-post-date","has-post-category","has-post-tag","has-post-comment","has-post-author",""],"acf":[],"yoast_head":"<!-- This site is optimized with the Yoast SEO plugin v28.1 - https:\/\/yoast.com\/product\/yoast-seo-wordpress\/ -->\n<title>E. Jordan aus Wien - Pulmonx<\/title>\n<meta name=\"robots\" content=\"index, follow, max-snippet:-1, max-image-preview:large, max-video-preview:-1\" \/>\n<link rel=\"canonical\" href=\"https:\/\/pulmonx.com\/de\/e-jordan-aus-wien\/\" \/>\n<meta property=\"og:locale\" content=\"de_DE\" \/>\n<meta property=\"og:type\" content=\"article\" \/>\n<meta property=\"og:title\" content=\"E. Jordan aus Wien - Pulmonx\" \/>\n<meta property=\"og:description\" content=\"\u2026aktiv bleiben und das Leben genie\u00dfen!\" \/>\n<meta property=\"og:url\" content=\"https:\/\/pulmonx.com\/de\/e-jordan-aus-wien\/\" \/>\n<meta property=\"og:site_name\" content=\"Pulmonx\" \/>\n<meta property=\"article:publisher\" content=\"https:\/\/www.facebook.com\/Mylungsmylife\" \/>\n<meta property=\"article:published_time\" content=\"2020-07-09T19:05:52+00:00\" \/>\n<meta property=\"article:modified_time\" content=\"2020-07-09T19:08:02+00:00\" \/>\n<meta property=\"og:image\" content=\"https:\/\/pulmonx.com\/wp-content\/uploads\/2020\/07\/E-Jordan-Patient-Success.jpg\" \/>\n\t<meta property=\"og:image:width\" content=\"800\" \/>\n\t<meta property=\"og:image:height\" content=\"800\" \/>\n\t<meta property=\"og:image:type\" content=\"image\/jpeg\" \/>\n<meta name=\"twitter:card\" content=\"summary_large_image\" \/>\n<meta name=\"twitter:creator\" content=\"@my_lungs\" \/>\n<meta name=\"twitter:site\" content=\"@my_lungs\" \/>\n<meta name=\"twitter:label1\" content=\"Verfasst von\" \/>\n\t<meta name=\"twitter:data1\" content=\"\" \/>\n\t<meta name=\"twitter:label2\" content=\"Gesch\u00e4tzte Lesezeit\" \/>\n\t<meta name=\"twitter:data2\" content=\"3\u00a0Minuten\" \/>\n<script type=\"application\/ld+json\" class=\"yoast-schema-graph\">{\"@context\":\"https:\\\/\\\/schema.org\",\"@graph\":[{\"@type\":\"Article\",\"@id\":\"https:\\\/\\\/pulmonx.com\\\/de\\\/e-jordan-aus-wien\\\/#article\",\"isPartOf\":{\"@id\":\"https:\\\/\\\/pulmonx.com\\\/de\\\/e-jordan-aus-wien\\\/\"},\"author\":{\"name\":\"\",\"@id\":\"\"},\"headline\":\"E. Jordan aus Wien\",\"datePublished\":\"2020-07-09T19:05:52+00:00\",\"dateModified\":\"2020-07-09T19:08:02+00:00\",\"mainEntityOfPage\":{\"@id\":\"https:\\\/\\\/pulmonx.com\\\/de\\\/e-jordan-aus-wien\\\/\"},\"wordCount\":637,\"publisher\":{\"@id\":\"https:\\\/\\\/pulmonx.com\\\/de\\\/#organization\"},\"image\":{\"@id\":\"https:\\\/\\\/pulmonx.com\\\/de\\\/e-jordan-aus-wien\\\/#primaryimage\"},\"thumbnailUrl\":\"https:\\\/\\\/pulmonx.com\\\/wp-content\\\/uploads\\\/2020\\\/07\\\/E-Jordan-Patient-Success.jpg\",\"articleSection\":[\"Patientengeschichte\"],\"inLanguage\":\"de\"},{\"@type\":\"WebPage\",\"@id\":\"https:\\\/\\\/pulmonx.com\\\/de\\\/e-jordan-aus-wien\\\/\",\"url\":\"https:\\\/\\\/pulmonx.com\\\/de\\\/e-jordan-aus-wien\\\/\",\"name\":\"E. Jordan aus Wien - Pulmonx\",\"isPartOf\":{\"@id\":\"https:\\\/\\\/pulmonx.com\\\/de\\\/#website\"},\"primaryImageOfPage\":{\"@id\":\"https:\\\/\\\/pulmonx.com\\\/de\\\/e-jordan-aus-wien\\\/#primaryimage\"},\"image\":{\"@id\":\"https:\\\/\\\/pulmonx.com\\\/de\\\/e-jordan-aus-wien\\\/#primaryimage\"},\"thumbnailUrl\":\"https:\\\/\\\/pulmonx.com\\\/wp-content\\\/uploads\\\/2020\\\/07\\\/E-Jordan-Patient-Success.jpg\",\"datePublished\":\"2020-07-09T19:05:52+00:00\",\"dateModified\":\"2020-07-09T19:08:02+00:00\",\"breadcrumb\":{\"@id\":\"https:\\\/\\\/pulmonx.com\\\/de\\\/e-jordan-aus-wien\\\/#breadcrumb\"},\"inLanguage\":\"de\",\"potentialAction\":[{\"@type\":\"ReadAction\",\"target\":[\"https:\\\/\\\/pulmonx.com\\\/de\\\/e-jordan-aus-wien\\\/\"]}]},{\"@type\":\"ImageObject\",\"inLanguage\":\"de\",\"@id\":\"https:\\\/\\\/pulmonx.com\\\/de\\\/e-jordan-aus-wien\\\/#primaryimage\",\"url\":\"https:\\\/\\\/pulmonx.com\\\/wp-content\\\/uploads\\\/2020\\\/07\\\/E-Jordan-Patient-Success.jpg\",\"contentUrl\":\"https:\\\/\\\/pulmonx.com\\\/wp-content\\\/uploads\\\/2020\\\/07\\\/E-Jordan-Patient-Success.jpg\",\"width\":800,\"height\":800},{\"@type\":\"BreadcrumbList\",\"@id\":\"https:\\\/\\\/pulmonx.com\\\/de\\\/e-jordan-aus-wien\\\/#breadcrumb\",\"itemListElement\":[{\"@type\":\"ListItem\",\"position\":1,\"name\":\"Home\",\"item\":\"https:\\\/\\\/pulmonx.com\\\/de\\\/\"},{\"@type\":\"ListItem\",\"position\":2,\"name\":\"E. Jordan aus Wien\"}]},{\"@type\":\"WebSite\",\"@id\":\"https:\\\/\\\/pulmonx.com\\\/de\\\/#website\",\"url\":\"https:\\\/\\\/pulmonx.com\\\/de\\\/\",\"name\":\"Pulmonx\",\"description\":\"Helping Patients with COPD Breathe Easier\",\"publisher\":{\"@id\":\"https:\\\/\\\/pulmonx.com\\\/de\\\/#organization\"},\"potentialAction\":[{\"@type\":\"SearchAction\",\"target\":{\"@type\":\"EntryPoint\",\"urlTemplate\":\"https:\\\/\\\/pulmonx.com\\\/de\\\/?s={search_term_string}\"},\"query-input\":{\"@type\":\"PropertyValueSpecification\",\"valueRequired\":true,\"valueName\":\"search_term_string\"}}],\"inLanguage\":\"de\"},{\"@type\":\"Organization\",\"@id\":\"https:\\\/\\\/pulmonx.com\\\/de\\\/#organization\",\"name\":\"Pulmonx Corporation\",\"url\":\"https:\\\/\\\/pulmonx.com\\\/de\\\/\",\"logo\":{\"@type\":\"ImageObject\",\"inLanguage\":\"de\",\"@id\":\"https:\\\/\\\/pulmonx.com\\\/de\\\/#\\\/schema\\\/logo\\\/image\\\/\",\"url\":\"https:\\\/\\\/pulmonx.com\\\/wp-content\\\/uploads\\\/2019\\\/09\\\/Logo-RGB.png\",\"contentUrl\":\"https:\\\/\\\/pulmonx.com\\\/wp-content\\\/uploads\\\/2019\\\/09\\\/Logo-RGB.png\",\"width\":566,\"height\":217,\"caption\":\"Pulmonx Corporation\"},\"image\":{\"@id\":\"https:\\\/\\\/pulmonx.com\\\/de\\\/#\\\/schema\\\/logo\\\/image\\\/\"},\"sameAs\":[\"https:\\\/\\\/www.facebook.com\\\/Mylungsmylife\",\"https:\\\/\\\/x.com\\\/my_lungs\",\"https:\\\/\\\/www.linkedin.com\\\/company\\\/pulmonx\",\"https:\\\/\\\/www.youtube.com\\\/channel\\\/UCOcSdewvx6iquPm_XcaYI5Q\"]},{\"@type\":\"Person\",\"@id\":\"\",\"url\":\"https:\\\/\\\/pulmonx.com\\\/de\\\/author\\\/\"}]}<\/script>\n<!-- \/ Yoast SEO plugin. -->","yoast_head_json":{"title":"E. Jordan aus Wien - Pulmonx","robots":{"index":"index","follow":"follow","max-snippet":"max-snippet:-1","max-image-preview":"max-image-preview:large","max-video-preview":"max-video-preview:-1"},"canonical":"https:\/\/pulmonx.com\/de\/e-jordan-aus-wien\/","og_locale":"de_DE","og_type":"article","og_title":"E. Jordan aus Wien - Pulmonx","og_description":"\u2026aktiv bleiben und das Leben genie\u00dfen!","og_url":"https:\/\/pulmonx.com\/de\/e-jordan-aus-wien\/","og_site_name":"Pulmonx","article_publisher":"https:\/\/www.facebook.com\/Mylungsmylife","article_published_time":"2020-07-09T19:05:52+00:00","article_modified_time":"2020-07-09T19:08:02+00:00","og_image":[{"width":800,"height":800,"url":"https:\/\/pulmonx.com\/wp-content\/uploads\/2020\/07\/E-Jordan-Patient-Success.jpg","type":"image\/jpeg"}],"twitter_card":"summary_large_image","twitter_creator":"@my_lungs","twitter_site":"@my_lungs","twitter_misc":{"Verfasst von":"","Gesch\u00e4tzte Lesezeit":"3\u00a0Minuten"},"schema":{"@context":"https:\/\/schema.org","@graph":[{"@type":"Article","@id":"https:\/\/pulmonx.com\/de\/e-jordan-aus-wien\/#article","isPartOf":{"@id":"https:\/\/pulmonx.com\/de\/e-jordan-aus-wien\/"},"author":{"name":"","@id":""},"headline":"E. Jordan aus Wien","datePublished":"2020-07-09T19:05:52+00:00","dateModified":"2020-07-09T19:08:02+00:00","mainEntityOfPage":{"@id":"https:\/\/pulmonx.com\/de\/e-jordan-aus-wien\/"},"wordCount":637,"publisher":{"@id":"https:\/\/pulmonx.com\/de\/#organization"},"image":{"@id":"https:\/\/pulmonx.com\/de\/e-jordan-aus-wien\/#primaryimage"},"thumbnailUrl":"https:\/\/pulmonx.com\/wp-content\/uploads\/2020\/07\/E-Jordan-Patient-Success.jpg","articleSection":["Patientengeschichte"],"inLanguage":"de"},{"@type":"WebPage","@id":"https:\/\/pulmonx.com\/de\/e-jordan-aus-wien\/","url":"https:\/\/pulmonx.com\/de\/e-jordan-aus-wien\/","name":"E. Jordan aus Wien - Pulmonx","isPartOf":{"@id":"https:\/\/pulmonx.com\/de\/#website"},"primaryImageOfPage":{"@id":"https:\/\/pulmonx.com\/de\/e-jordan-aus-wien\/#primaryimage"},"image":{"@id":"https:\/\/pulmonx.com\/de\/e-jordan-aus-wien\/#primaryimage"},"thumbnailUrl":"https:\/\/pulmonx.com\/wp-content\/uploads\/2020\/07\/E-Jordan-Patient-Success.jpg","datePublished":"2020-07-09T19:05:52+00:00","dateModified":"2020-07-09T19:08:02+00:00","breadcrumb":{"@id":"https:\/\/pulmonx.com\/de\/e-jordan-aus-wien\/#breadcrumb"},"inLanguage":"de","potentialAction":[{"@type":"ReadAction","target":["https:\/\/pulmonx.com\/de\/e-jordan-aus-wien\/"]}]},{"@type":"ImageObject","inLanguage":"de","@id":"https:\/\/pulmonx.com\/de\/e-jordan-aus-wien\/#primaryimage","url":"https:\/\/pulmonx.com\/wp-content\/uploads\/2020\/07\/E-Jordan-Patient-Success.jpg","contentUrl":"https:\/\/pulmonx.com\/wp-content\/uploads\/2020\/07\/E-Jordan-Patient-Success.jpg","width":800,"height":800},{"@type":"BreadcrumbList","@id":"https:\/\/pulmonx.com\/de\/e-jordan-aus-wien\/#breadcrumb","itemListElement":[{"@type":"ListItem","position":1,"name":"Home","item":"https:\/\/pulmonx.com\/de\/"},{"@type":"ListItem","position":2,"name":"E. Jordan aus Wien"}]},{"@type":"WebSite","@id":"https:\/\/pulmonx.com\/de\/#website","url":"https:\/\/pulmonx.com\/de\/","name":"Pulmonx","description":"Helping Patients with COPD Breathe Easier","publisher":{"@id":"https:\/\/pulmonx.com\/de\/#organization"},"potentialAction":[{"@type":"SearchAction","target":{"@type":"EntryPoint","urlTemplate":"https:\/\/pulmonx.com\/de\/?s={search_term_string}"},"query-input":{"@type":"PropertyValueSpecification","valueRequired":true,"valueName":"search_term_string"}}],"inLanguage":"de"},{"@type":"Organization","@id":"https:\/\/pulmonx.com\/de\/#organization","name":"Pulmonx Corporation","url":"https:\/\/pulmonx.com\/de\/","logo":{"@type":"ImageObject","inLanguage":"de","@id":"https:\/\/pulmonx.com\/de\/#\/schema\/logo\/image\/","url":"https:\/\/pulmonx.com\/wp-content\/uploads\/2019\/09\/Logo-RGB.png","contentUrl":"https:\/\/pulmonx.com\/wp-content\/uploads\/2019\/09\/Logo-RGB.png","width":566,"height":217,"caption":"Pulmonx Corporation"},"image":{"@id":"https:\/\/pulmonx.com\/de\/#\/schema\/logo\/image\/"},"sameAs":["https:\/\/www.facebook.com\/Mylungsmylife","https:\/\/x.com\/my_lungs","https:\/\/www.linkedin.com\/company\/pulmonx","https:\/\/www.youtube.com\/channel\/UCOcSdewvx6iquPm_XcaYI5Q"]},{"@type":"Person","@id":"","url":"https:\/\/pulmonx.com\/de\/author\/"}]}},"distributor_meta":false,"distributor_terms":false,"distributor_media":false,"distributor_original_site_name":"Pulmonx","distributor_original_site_url":"https:\/\/pulmonx.com\/de\/","push-errors":false,"_links":{"self":[{"href":"https:\/\/pulmonx.com\/de\/wp-json\/wp\/v2\/posts\/76584","targetHints":{"allow":["GET"]}}],"collection":[{"href":"https:\/\/pulmonx.com\/de\/wp-json\/wp\/v2\/posts"}],"about":[{"href":"https:\/\/pulmonx.com\/de\/wp-json\/wp\/v2\/types\/post"}],"author":[{"embeddable":true,"href":"https:\/\/pulmonx.com\/de\/wp-json\/wp\/v2\/users\/2"}],"replies":[{"embeddable":true,"href":"https:\/\/pulmonx.com\/de\/wp-json\/wp\/v2\/comments?post=76584"}],"version-history":[{"count":0,"href":"https:\/\/pulmonx.com\/de\/wp-json\/wp\/v2\/posts\/76584\/revisions"}],"wp:featuredmedia":[{"embeddable":true,"href":"https:\/\/pulmonx.com\/de\/wp-json\/wp\/v2\/media\/76585"}],"wp:attachment":[{"href":"https:\/\/pulmonx.com\/de\/wp-json\/wp\/v2\/media?parent=76584"}],"wp:term":[{"taxonomy":"category","embeddable":true,"href":"https:\/\/pulmonx.com\/de\/wp-json\/wp\/v2\/categories?post=76584"},{"taxonomy":"post_tag","embeddable":true,"href":"https:\/\/pulmonx.com\/de\/wp-json\/wp\/v2\/tags?post=76584"}],"curies":[{"name":"wp","href":"https:\/\/api.w.org\/{rel}","templated":true}]}}