{"id":101205,"date":"2026-06-24T09:26:33","date_gmt":"2026-06-24T14:26:33","guid":{"rendered":"https:\/\/pulmonx.com\/?p=101205"},"modified":"2026-06-25T09:51:48","modified_gmt":"2026-06-25T14:51:48","slug":"bernd-65","status":"publish","type":"post","link":"https:\/\/pulmonx.com\/de\/bernd-65\/","title":{"rendered":"Bernd, 65"},"content":{"rendered":"<!--themify_builder_content-->\n<div id=\"themify_builder_content-101205\" data-postid=\"101205\" class=\"themify_builder_content themify_builder_content-101205 themify_builder tf_clear\">\n                    <div  data-lazy=\"1\" class=\"module_row themify_builder_row tb_x4dg511 tb_first tf_w\">\n                        <div class=\"row_inner col_align_top tb_col_count_1 tf_box tf_rel\">\n                        <div  data-lazy=\"1\" class=\"module_column tb-column col-full tb_kgzg511 first\">\n                    <!-- module text -->\n<div  class=\"module module-text tb_t0jk511   \" data-lazy=\"1\">\n        <div  class=\"tb_text_wrap\">\n        <h1 style=\"text-align: center;\">Bernd Geiger<\/h1>    <\/div>\n<\/div>\n<!-- \/module text -->        <div  data-lazy=\"1\" class=\"module_subrow themify_builder_sub_row tf_w col_align_top tb_col_count_2 tb_h9gq511\">\n                <div  data-lazy=\"1\" class=\"module_column sub_column col3-1 tb_mgsk511 first\">\n                    <!-- module image -->\n<div  class=\"module module-image tb_898h511 image-top rounded  auto_fullwidth tf_mw\" data-lazy=\"1\">\n        <div class=\"image-wrap tf_rel tf_mw\">\n            <img decoding=\"async\" width=\"1024\" height=\"1024\" src=\"https:\/\/pulmonx.com\/wp-content\/uploads\/2026\/06\/Gemini_Generated_Image_nb184snb184snb18.png\" class=\"wp-post-image wp-image-101207\" alt=\"Bernd, 65\" srcset=\"https:\/\/pulmonx.com\/wp-content\/uploads\/2026\/06\/Gemini_Generated_Image_nb184snb184snb18.png 1024w, https:\/\/pulmonx.com\/wp-content\/uploads\/2026\/06\/Gemini_Generated_Image_nb184snb184snb18-300x300.png 300w, https:\/\/pulmonx.com\/wp-content\/uploads\/2026\/06\/Gemini_Generated_Image_nb184snb184snb18-150x150.png 150w, https:\/\/pulmonx.com\/wp-content\/uploads\/2026\/06\/Gemini_Generated_Image_nb184snb184snb18-768x768.png 768w\" sizes=\"(max-width: 1024px) 100vw, 1024px\" \/>    \n        <\/div>\n    <!-- \/image-wrap -->\n    \n        <\/div>\n<!-- \/module image --><!-- module text -->\n<div  class=\"module module-text tb_ha6s511   \" data-lazy=\"1\">\n        <div  class=\"tb_text_wrap\">\n        <h3>Behandlungsdetails:<\/h3>\n<p><strong>Alter zum Zeitpunkt des Eingriffs: <\/strong>65<br \/>\n<strong>Behandlungszentrum: <\/strong>SRH Wald\u2011Klinikum Gera<br \/>\n<strong>Datum des Eingriffs: <\/strong>2025<\/p>\n    <\/div>\n<\/div>\n<!-- \/module text -->        <\/div>\n                    <div  data-lazy=\"1\" class=\"module_column sub_column col3-2 tb_mnjc511 last\">\n                    <!-- module text -->\n<div  class=\"module module-text tb_hyln511   \" data-lazy=\"1\">\n        <div  class=\"tb_text_wrap\">\n        <h2>\u00a0Mein Leben vor der Behandlung:<\/h2><p><strong>\u201eIch habe immer ein aktives Leben gef\u00fchrt\u201c\u00a0<\/strong><\/p><p>Ich habe mein Leben lang Sport gemacht: Fu\u00dfball, Tennis, Joggen, Radfahren. Ich war immer aktiv und leistungsorientiert \u2013 Sport musste anstrengend sein, sonst war es f\u00fcr mich kein Sport. Doch mit der Zeit wurde ich immer kurzatmiger.<\/p><p>Mein gesamtes Arbeitsleben war ich bei der\u00a0Bundespolizei. Es war mein Traumjob, und ich war sehr zufrieden, auch wenn mich die Krankheit\u00a0im Laufe der Zeit an den Schreibtisch gebracht hat.\u00a0Privat\u00a0habe ich meinen Sohn als Alleinerziehender gro\u00dfgezogen. Ich hatte ein gutes, erf\u00fclltes Leben.\u00a0\u00a0<\/p><h2>Diagnose COPD \u2013\u00a0der schleichende Verlust der Luft\u00a0<\/h2><p>2012 wurde bei mir COPD diagnostiziert, als ich pl\u00f6tzlich richtig schlecht Luft bekam.\u00a0Ein richtiger Anfall.\u00a0Schwere Atemnot, selbst beim Anziehen.\u00a0Mein Hausarzt erkannte sofort, was los war:\u00a0\u201eDa hast du dir ja etwas Sch\u00f6nes eingefangen.\u201c\u00a0Eine unheilbare Krankheit, die\u00a0sich kontinuierlich verschlechtern wird.\u00a0Der einzige Rat: das\u00a0Rauchen aufzugeben, dann wird es langsamer schlechter. Ich hatte zuvor noch nie von COPD geh\u00f6rt und habe die Diagnose zun\u00e4chst untersch\u00e4tzt.\u00a0<\/p>    <\/div>\n<\/div>\n<!-- \/module text -->        <\/div>\n                    <\/div>\n                <div  data-lazy=\"1\" class=\"module_subrow themify_builder_sub_row tf_w col_align_top tb_col_count_1 tb_4xy2511\">\n                <div  data-lazy=\"1\" class=\"module_column sub_column col-full tb_fp0i511 first\">\n                    <!-- module text -->\n<div  class=\"module module-text tb_t303511   \" data-lazy=\"1\">\n        <div  class=\"tb_text_wrap\">\n        <p>Gro\u00dfe Einsicht oder eine Ver\u00e4nderung meiner Lebensgewohnheiten brachte das nicht. Ich rauchte weiter \u2013 schlie\u00dflich war ich ja ohnehin schon krank. In den ersten Jahren habe ich kaum Einschr\u00e4nkungen bemerkt und vieles auf das \u00c4lterwerden geschoben. Erst 2019 kam es zu einer schweren Exazerbation. Mein Hausarzt schickte mich daraufhin zu einer Lungenfach\u00e4rztin, die mich direkt zur Reha nach M\u00fcnnerstadt \u00fcberwies.<\/p><p>Dort habe ich mit dem Rauchen aufgeh\u00f6rt \u2013 von einem Tag auf den anderen. Es war eine reine Kopfsache. Ich hatte jahrzehntelang stark geraucht, aber in der Klinik wurde mir klar, dass ich so nicht weitermachen konnte. R\u00fcckblickend h\u00e4tte ich viel fr\u00fcher aufh\u00f6ren sollen.\u00a0<\/p><p>Nach der Reha ging es mir etwas besser, aber insgesamt verschlechterte sich mein Zustand weiter. Ich war regelm\u00e4\u00dfig zur Kontrolle, nahm meine Medikamente, doch die Belastbarkeit nahm stetig ab. W\u00e4hrend der Corona-Pandemie wurde mir dringend geraten, zu Hause zu bleiben. Aufgrund des hohen Risikos ging ich fr\u00fchzeitig in Pension.<\/p><p>Ich passte mein Leben zunehmend an: weniger Unternehmungen, weniger soziale Aktivit\u00e4ten. Besonders schmerzhaft war f\u00fcr mich, bei wichtigen famili\u00e4ren Ereignissen \u2013 etwa der Taufe meines Enkels \u2013 nicht dabei sein zu k\u00f6nnen, aus Angst, anderen zur Last zu fallen. Meine Lungenfunktion lag zeitweise unter 25 %. Allt\u00e4gliche Dinge wie Treppensteigen oder Hausarbeit wurden zur Tortur, die permanente Atemnot bestimmte mein Leben. Weitere Therapieoptionen wurden mir nicht aufgezeigt, ich nahm die Krankheit als \u201egottgegeben\u201c hin.\u00a0\u00a0<\/p><p><strong>\u201eWollen Sie so weiterleben?\u201c \u2013 Eine schwere Exazerbation bringt neue Optionen<\/strong><\/p><p>Im Mai kam es w\u00e4hrend eines Besuchs bei meinem Sohn in Gera zu einer erneuten schweren Exazerbation. Mein Sohn rief sofort den Notarzt \u2013 r\u00fcckblickend ein Gl\u00fccksfall. So kam ich ins Waldklinikum Gera. Dort stabilisierte man mich zun\u00e4chst medikament\u00f6s.<\/p><p>Zum ersten Mal h\u00f6rte ich dort von der M\u00f6glichkeit einer endoskopischen Lungenvolumenreduktion mit Ventilen. Nach weiteren Untersuchungen stellte sich heraus, dass ich grunds\u00e4tzlich daf\u00fcr infrage komme. Nichtraucher war ich schon, aber eine Reha musste vorher nochmals erfolgen.\u00a0\u00a0<\/p><p>Da es mir schon so schlecht ging\u00a0war die Reha vor dem Eingriff\u00a0eher belastend.\u00a0Doch kurz darauf kam der\u00a0ersehnte Anruf:\u00a0Ich\u00a0komme f\u00fcr Ventile in Frage \u2013\u00a0mit Termin direkt in der folgenden Woche. Ich hatte keine Angst, im Gegenteil \u2013 ich sah darin meine letzte echte Chance.\u00a0<\/p>    <\/div>\n<\/div>\n<!-- \/module text --><!-- module divider -->\n<div  class=\"module tf_mw module-divider tb_z7nr511 solid   \" style=\"border-width: 1px;border-color: #3095b4;margin-top: 30px;margin-bottom: 30px;\" data-lazy=\"1\">\n    <\/div>\n<!-- \/module divider -->\n<!-- module text -->\n<div  class=\"module module-text tb_sh0w511   \" data-lazy=\"1\">\n        <div  class=\"tb_text_wrap\">\n        <h2>Die Behandlung<\/h2><p><strong>Der Eingriff \u2013 eine sp\u00fcrbare Ver\u00e4nderung\u00a0<\/strong><\/p><p>Der Eingriff verlief komplikationslos. Schon beim Aufwachen f\u00fchlte ich die Erleichterung, richtig befreit. Zum ersten Mal seit Jahren hatte ich das Gef\u00fchl, wieder Luft zu bekommen. Ich war so begeistert, dass mich die \u00c4rzte selbst wieder einbremsen mussten.\u00a0\u00a0<\/p><p>Der Effekt war deutlich. Im 6-Minuten-Gehtest steigerte ich mich von ca. 160 m auf fast 500 m. Die drei Treppenstufen, f\u00fcr die ich fr\u00fcher 5 Minuten brauchte, kann ich wieder hinaufrennen. Alltagst\u00e4tigkeiten sind wieder m\u00f6glich, auch wenn ich Pausen ben\u00f6tige. Jetzt nach dem Eingriff f\u00e4nde ich eine Reha sinnvoll. Meine Medikamente nehme ich nat\u00fcrlich weiterhin. Und einmal im Jahr gehe ich in die Klinik, zur Kontrolle.\u00a0\u00a0<\/p><p>Ich bin mir bewusst, dass ich kein gesunder Mensch bin. Die Ventile haben mir keine neuen Lungen gegeben. Aber auf einer Skala von 0 bis 10 bin ich von fast 0 auf etwa 4 oder 5 gekommen \u2013 und das ist f\u00fcr mich ein enormer Gewinn an Lebensqualit\u00e4t.\u00a0\u00a0<\/p>    <\/div>\n<\/div>\n<!-- \/module text --><!-- module divider -->\n<div  class=\"module tf_mw module-divider tb_08fy511 solid   \" style=\"border-width: 1px;border-color: #3095b4;margin-top: 30px;margin-bottom: 30px;\" data-lazy=\"1\">\n    <\/div>\n<!-- \/module divider -->\n<!-- module text -->\n<div  class=\"module module-text tb_mbkp511   \" data-lazy=\"1\">\n        <div  class=\"tb_text_wrap\">\n        <h2>Mein Leben nach der Behandlung<\/h2><p><strong>Es war ein voller Erfolg &#8211; Leben mit neuer Perspektive<\/strong><\/p><p>Ich nutze weiterhin ein mobiles Sauerstoffger\u00e4t bei Bedarf und als Sicherheit, vor allem unterwegs oder bei Belastung. Es ist auch eine mentale Kr\u00fccke. Manche Dinge bleiben schwierig, Duschen oder Kochen z. B. wegen der D\u00e4mpfe. Dennoch bin ich wieder selbstst\u00e4ndiger und aktiver.<\/p><p>Ich habe begonnen, mein Leben zur\u00fcckzuerobern: gehe wieder zum Fu\u00dfball, erledige meinen Haushalt wieder einfacher und kann weiterhin stundenweise im Rathaus arbeiten. Manchmal gehe ich im Haus auch die beiden Stockwerke nach oben \u2013 zum Training und weil ich es wieder kann. Ohne den Eingriff h\u00e4tte ich mein Leben vermutlich auf der Couch verbracht, dahinvegetiert.<\/p><p>Besonders wichtig ist mir meine Familie. Mein Sohn hat gro\u00dfe Angst um mich gehabt und ist heute unendlich erleichtert, mich wieder stabiler zu sehen. Mein Enkel gibt mir zus\u00e4tzliche Motivation, aktiv zu bleiben \u2013 auch wenn ich k\u00f6rperlich nicht alles mitmachen kann.<\/p><p>Ich h\u00e4tte es nicht geglaubt, dass ich noch einmal in so einem Zustand bin. Wo einem das Leben einfach Spa\u00df macht. Wenn es auf diesem Niveau noch ein paar Jahre bleibt, w\u00e4re ich sehr dankbar.<\/p><p><strong>Das kennt doch keiner: Aufkl\u00e4rung als pers\u00f6nliche Mission<\/strong><\/p><p>Ich erz\u00e4hle heute jedem von der Ventiltherapie \u2013 Patienten wie \u00c4rzten. Erschreckend viele wissen nichts davon. Noch schlimmer, manche \u00c4rzte raten ohne gute Gr\u00fcnde davon ab. Diese Erfahrung habe ich sowohl in der Reha, als auch bei niedergelassenen \u00c4rzten gemacht. Ich halte das f\u00fcr ein gro\u00dfes Problem und bin froh, dass ich mich davon nicht beirren lie\u00df.<\/p><p>Mein wichtigster Rat an andere Betroffene bleibt:\u00a0<strong>h\u00f6rt auf zu\u00a0Rauchen!<\/strong><br \/>Ohne das sind weitere Therapien wie die Volumenreduktion ausgeschlossen. Fragt nach und informiert euch, welche Therapieoptionen es noch gibt \u2013 ich wusste ja auch lange nichts davon. Und: man muss die Krankheit annehmen, aktiv bleiben und Chancen nutzen, wenn sie sich bieten.<\/p><p>Ergebnisse aus Fallstudien sind nicht unbedingt pr\u00e4diktiv f\u00fcr die Ergebnisse in anderen F\u00e4llen. Die Ergebnisse in anderen F\u00e4llen k\u00f6nnen variieren.<\/p><p>Zu den Komplikationen in Verbindung mit dem Zephyr\u00ae-Endobronchialventil k\u00f6nnen u. a. geh\u00f6ren: Pneumothorax, Verschlechterung der COPD-Symptome, H\u00e4moptyse, Lungenentz\u00fcndung, Dyspnoe und in seltenen F\u00e4llen Tod. Das Zephyr Endobronchialventil (EBV) ist ein implantierbares Bronchialventil, das den Luftstrom kontrollieren soll, um die Lungenfunktion bei Patienten mit \u00dcberbl\u00e4hung im Zusammenhang mit einem schweren Emphysem zu verbessern und\/oder Fisteln zu reduzieren. Das Zephyr-Ventil ist kontraindiziert bei: Patienten, bei denen bronchoskopische Verfahren kontraindiziert sind; Patienten mit Hinweis auf eine aktive pulmonale Infektion; Patienten mit bekannten Allergien gegen Nitinol (Nickel-Titan) oder dessen Metallbestandteile (Nickel oder Titan); Patienten mit bekannten Allergien gegen Silikon; aktiven Rauchern. Der Gebrauch ist geschulten \u00c4rzten vorbehalten. Vor dem Gebrauch sind alle weiteren Angaben zu Anwendungsbereichen, Gegenanzeigen, Warnhinweisen, Vorsichtsma\u00dfnahmen und Nebenwirkungen in der Gebrauchsanleitung f\u00fcr das Zephyr Endobronchialventilsystem zu beachten.<\/p>    <\/div>\n<\/div>\n<!-- \/module text --><!-- module image -->\n<div  class=\"module module-image tb_jmpl511 image-top   tf_mw\" data-lazy=\"1\">\n        <div class=\"image-wrap tf_rel tf_mw\">\n            <img decoding=\"async\" width=\"1600\" height=\"2133\" src=\"https:\/\/pulmonx.com\/wp-content\/uploads\/2026\/06\/My-life-after-the-treatmentx1600.jpeg\" class=\"wp-post-image wp-image-101240\" alt=\"My life after the treatment\" srcset=\"https:\/\/pulmonx.com\/wp-content\/uploads\/2026\/06\/My-life-after-the-treatmentx1600.jpeg 1600w, https:\/\/pulmonx.com\/wp-content\/uploads\/2026\/06\/My-life-after-the-treatmentx1600-225x300.jpeg 225w, https:\/\/pulmonx.com\/wp-content\/uploads\/2026\/06\/My-life-after-the-treatmentx1600-768x1024.jpeg 768w, https:\/\/pulmonx.com\/wp-content\/uploads\/2026\/06\/My-life-after-the-treatmentx1600-1152x1536.jpeg 1152w, https:\/\/pulmonx.com\/wp-content\/uploads\/2026\/06\/My-life-after-the-treatmentx1600-1536x2048.jpeg 1536w\" sizes=\"(max-width: 1600px) 100vw, 1600px\" \/>    \n        <\/div>\n    <!-- \/image-wrap -->\n    \n        <\/div>\n<!-- \/module image -->        <\/div>\n                    <\/div>\n                <div  data-lazy=\"1\" class=\"module_subrow themify_builder_sub_row tf_w col_align_top tb_col_count_1 tb_8g8f511\">\n                <div  data-lazy=\"1\" class=\"module_column sub_column col-full tb_vn3v511 first\">\n                    <!-- module text -->\n<div  class=\"module module-text tb_hhyh511   \" data-lazy=\"1\">\n        <div  class=\"tb_text_wrap\">\n        <p>The results of case studies do not necessarily allow conclusions to be drawn in other cases. Results in other cases can be different. Possible complications associated with the endobronchial valve treatment include: Pneumothorax, deterioration of the COPD symptoms, pneumonia, dyspnea and in rare cases death. The Zephyr\u00ae Endobronchial Valve is an implantable bronchial valve intended to control airflow in order to improve lung functions in patients with hyperinflation associated with severe emphysema and\/or to reduce air leaks. The Zephyr Valve is contraindicated for: Patients for whom bronchoscopic procedures are contraindicated; Evidence of active pulmonary infection; Patients with known allergies to Nitinol (nickel-titanium) or its constituent metals (nickel or titanium); Patients with known allergies to silicone; Patients who have not quit smoking. Use is restricted to a trained physician. Prior to use, please reference the Zephyr Endobronchial System Instructions for more information on indications, contraindications, warnings, all precautions, and adverse events.<\/p><p>\u00a92026 Pulmonx Corporation oder verbundene Unternehmen. Alle Rechte vorbehalten.<br \/>EMEA-DE-2956-v1<\/p>    <\/div>\n<\/div>\n<!-- \/module text -->        <\/div>\n                    <\/div>\n                <\/div>\n                        <\/div>\n        <\/div>\n        <\/div>\n<!--\/themify_builder_content-->","protected":false},"excerpt":{"rendered":"<p>Ich habe immer ein aktives Leben gef\u00fchrt<\/p>\n","protected":false},"author":1208,"featured_media":101207,"comment_status":"closed","ping_status":"closed","sticky":false,"template":"","format":"standard","meta":{"_acf_changed":false,"footnotes":""},"categories":[46],"tags":[],"class_list":["post-101205","post","type-post","status-publish","format-standard","has-post-thumbnail","hentry","category-patientengeschichte","has-post-title","has-post-date","has-post-category","has-post-tag","has-post-comment","has-post-author",""],"acf":[],"yoast_head":"<!-- This site is optimized with the Yoast SEO plugin v28.1 - https:\/\/yoast.com\/product\/yoast-seo-wordpress\/ -->\n<title>Bernd, 65 - Pulmonx<\/title>\n<meta name=\"robots\" content=\"index, follow, max-snippet:-1, max-image-preview:large, max-video-preview:-1\" \/>\n<link rel=\"canonical\" href=\"https:\/\/pulmonx.com\/de\/bernd-65\/\" \/>\n<meta property=\"og:locale\" content=\"de_DE\" \/>\n<meta property=\"og:type\" content=\"article\" \/>\n<meta property=\"og:title\" content=\"Bernd, 65 - Pulmonx\" \/>\n<meta property=\"og:description\" content=\"Ich habe immer ein aktives Leben gef\u00fchrt\" \/>\n<meta property=\"og:url\" content=\"https:\/\/pulmonx.com\/de\/bernd-65\/\" \/>\n<meta property=\"og:site_name\" content=\"Pulmonx\" \/>\n<meta property=\"article:publisher\" content=\"https:\/\/www.facebook.com\/Mylungsmylife\" \/>\n<meta property=\"article:published_time\" content=\"2026-06-24T14:26:33+00:00\" \/>\n<meta property=\"article:modified_time\" content=\"2026-06-25T14:51:48+00:00\" \/>\n<meta property=\"og:image\" content=\"https:\/\/pulmonx.com\/wp-content\/uploads\/2026\/06\/Gemini_Generated_Image_nb184snb184snb18.png\" \/>\n\t<meta property=\"og:image:width\" content=\"1024\" \/>\n\t<meta property=\"og:image:height\" content=\"1024\" \/>\n\t<meta property=\"og:image:type\" content=\"image\/png\" \/>\n<meta name=\"author\" content=\"cdadmin\" \/>\n<meta name=\"twitter:card\" content=\"summary_large_image\" \/>\n<meta name=\"twitter:creator\" content=\"@my_lungs\" \/>\n<meta name=\"twitter:site\" content=\"@my_lungs\" \/>\n<meta name=\"twitter:label1\" content=\"Verfasst von\" \/>\n\t<meta name=\"twitter:data1\" content=\"cdadmin\" \/>\n\t<meta name=\"twitter:label2\" content=\"Gesch\u00e4tzte Lesezeit\" \/>\n\t<meta name=\"twitter:data2\" content=\"7\u00a0Minuten\" \/>\n<script type=\"application\/ld+json\" class=\"yoast-schema-graph\">{\"@context\":\"https:\\\/\\\/schema.org\",\"@graph\":[{\"@type\":\"Article\",\"@id\":\"https:\\\/\\\/pulmonx.com\\\/de\\\/bernd-65\\\/#article\",\"isPartOf\":{\"@id\":\"https:\\\/\\\/pulmonx.com\\\/de\\\/bernd-65\\\/\"},\"author\":{\"name\":\"cdadmin\",\"@id\":\"https:\\\/\\\/pulmonx.com\\\/de\\\/#\\\/schema\\\/person\\\/a3b675673063302965a5364f3912ef96\"},\"headline\":\"Bernd, 65\",\"datePublished\":\"2026-06-24T14:26:33+00:00\",\"dateModified\":\"2026-06-25T14:51:48+00:00\",\"mainEntityOfPage\":{\"@id\":\"https:\\\/\\\/pulmonx.com\\\/de\\\/bernd-65\\\/\"},\"wordCount\":1384,\"publisher\":{\"@id\":\"https:\\\/\\\/pulmonx.com\\\/de\\\/#organization\"},\"image\":{\"@id\":\"https:\\\/\\\/pulmonx.com\\\/de\\\/bernd-65\\\/#primaryimage\"},\"thumbnailUrl\":\"https:\\\/\\\/pulmonx.com\\\/wp-content\\\/uploads\\\/2026\\\/06\\\/Gemini_Generated_Image_nb184snb184snb18.png\",\"articleSection\":[\"Patientengeschichte\"],\"inLanguage\":\"de\"},{\"@type\":\"WebPage\",\"@id\":\"https:\\\/\\\/pulmonx.com\\\/de\\\/bernd-65\\\/\",\"url\":\"https:\\\/\\\/pulmonx.com\\\/de\\\/bernd-65\\\/\",\"name\":\"Bernd, 65 - Pulmonx\",\"isPartOf\":{\"@id\":\"https:\\\/\\\/pulmonx.com\\\/de\\\/#website\"},\"primaryImageOfPage\":{\"@id\":\"https:\\\/\\\/pulmonx.com\\\/de\\\/bernd-65\\\/#primaryimage\"},\"image\":{\"@id\":\"https:\\\/\\\/pulmonx.com\\\/de\\\/bernd-65\\\/#primaryimage\"},\"thumbnailUrl\":\"https:\\\/\\\/pulmonx.com\\\/wp-content\\\/uploads\\\/2026\\\/06\\\/Gemini_Generated_Image_nb184snb184snb18.png\",\"datePublished\":\"2026-06-24T14:26:33+00:00\",\"dateModified\":\"2026-06-25T14:51:48+00:00\",\"breadcrumb\":{\"@id\":\"https:\\\/\\\/pulmonx.com\\\/de\\\/bernd-65\\\/#breadcrumb\"},\"inLanguage\":\"de\",\"potentialAction\":[{\"@type\":\"ReadAction\",\"target\":[\"https:\\\/\\\/pulmonx.com\\\/de\\\/bernd-65\\\/\"]}]},{\"@type\":\"ImageObject\",\"inLanguage\":\"de\",\"@id\":\"https:\\\/\\\/pulmonx.com\\\/de\\\/bernd-65\\\/#primaryimage\",\"url\":\"https:\\\/\\\/pulmonx.com\\\/wp-content\\\/uploads\\\/2026\\\/06\\\/Gemini_Generated_Image_nb184snb184snb18.png\",\"contentUrl\":\"https:\\\/\\\/pulmonx.com\\\/wp-content\\\/uploads\\\/2026\\\/06\\\/Gemini_Generated_Image_nb184snb184snb18.png\",\"width\":1024,\"height\":1024,\"caption\":\"Bernd, 65\"},{\"@type\":\"BreadcrumbList\",\"@id\":\"https:\\\/\\\/pulmonx.com\\\/de\\\/bernd-65\\\/#breadcrumb\",\"itemListElement\":[{\"@type\":\"ListItem\",\"position\":1,\"name\":\"Home\",\"item\":\"https:\\\/\\\/pulmonx.com\\\/de\\\/\"},{\"@type\":\"ListItem\",\"position\":2,\"name\":\"Bernd, 65\"}]},{\"@type\":\"WebSite\",\"@id\":\"https:\\\/\\\/pulmonx.com\\\/de\\\/#website\",\"url\":\"https:\\\/\\\/pulmonx.com\\\/de\\\/\",\"name\":\"Pulmonx\",\"description\":\"Helping Patients with COPD Breathe Easier\",\"publisher\":{\"@id\":\"https:\\\/\\\/pulmonx.com\\\/de\\\/#organization\"},\"potentialAction\":[{\"@type\":\"SearchAction\",\"target\":{\"@type\":\"EntryPoint\",\"urlTemplate\":\"https:\\\/\\\/pulmonx.com\\\/de\\\/?s={search_term_string}\"},\"query-input\":{\"@type\":\"PropertyValueSpecification\",\"valueRequired\":true,\"valueName\":\"search_term_string\"}}],\"inLanguage\":\"de\"},{\"@type\":\"Organization\",\"@id\":\"https:\\\/\\\/pulmonx.com\\\/de\\\/#organization\",\"name\":\"Pulmonx Corporation\",\"url\":\"https:\\\/\\\/pulmonx.com\\\/de\\\/\",\"logo\":{\"@type\":\"ImageObject\",\"inLanguage\":\"de\",\"@id\":\"https:\\\/\\\/pulmonx.com\\\/de\\\/#\\\/schema\\\/logo\\\/image\\\/\",\"url\":\"https:\\\/\\\/pulmonx.com\\\/wp-content\\\/uploads\\\/2019\\\/09\\\/Logo-RGB.png\",\"contentUrl\":\"https:\\\/\\\/pulmonx.com\\\/wp-content\\\/uploads\\\/2019\\\/09\\\/Logo-RGB.png\",\"width\":566,\"height\":217,\"caption\":\"Pulmonx Corporation\"},\"image\":{\"@id\":\"https:\\\/\\\/pulmonx.com\\\/de\\\/#\\\/schema\\\/logo\\\/image\\\/\"},\"sameAs\":[\"https:\\\/\\\/www.facebook.com\\\/Mylungsmylife\",\"https:\\\/\\\/x.com\\\/my_lungs\",\"https:\\\/\\\/www.linkedin.com\\\/company\\\/pulmonx\",\"https:\\\/\\\/www.youtube.com\\\/channel\\\/UCOcSdewvx6iquPm_XcaYI5Q\"]},{\"@type\":\"Person\",\"@id\":\"https:\\\/\\\/pulmonx.com\\\/de\\\/#\\\/schema\\\/person\\\/a3b675673063302965a5364f3912ef96\",\"name\":\"cdadmin\",\"image\":{\"@type\":\"ImageObject\",\"inLanguage\":\"de\",\"@id\":\"https:\\\/\\\/secure.gravatar.com\\\/avatar\\\/3a695cf131b2db4bac7b5473acc6316e5ca28cb0dd22605b6764a107e001d37b?s=96&d=mm&r=g\",\"url\":\"https:\\\/\\\/secure.gravatar.com\\\/avatar\\\/3a695cf131b2db4bac7b5473acc6316e5ca28cb0dd22605b6764a107e001d37b?s=96&d=mm&r=g\",\"contentUrl\":\"https:\\\/\\\/secure.gravatar.com\\\/avatar\\\/3a695cf131b2db4bac7b5473acc6316e5ca28cb0dd22605b6764a107e001d37b?s=96&d=mm&r=g\",\"caption\":\"cdadmin\"},\"url\":\"https:\\\/\\\/pulmonx.com\\\/de\\\/author\\\/cdadmin\\\/\"}]}<\/script>\n<!-- \/ Yoast SEO plugin. -->","yoast_head_json":{"title":"Bernd, 65 - Pulmonx","robots":{"index":"index","follow":"follow","max-snippet":"max-snippet:-1","max-image-preview":"max-image-preview:large","max-video-preview":"max-video-preview:-1"},"canonical":"https:\/\/pulmonx.com\/de\/bernd-65\/","og_locale":"de_DE","og_type":"article","og_title":"Bernd, 65 - Pulmonx","og_description":"Ich habe immer ein aktives Leben gef\u00fchrt","og_url":"https:\/\/pulmonx.com\/de\/bernd-65\/","og_site_name":"Pulmonx","article_publisher":"https:\/\/www.facebook.com\/Mylungsmylife","article_published_time":"2026-06-24T14:26:33+00:00","article_modified_time":"2026-06-25T14:51:48+00:00","og_image":[{"width":1024,"height":1024,"url":"https:\/\/pulmonx.com\/wp-content\/uploads\/2026\/06\/Gemini_Generated_Image_nb184snb184snb18.png","type":"image\/png"}],"author":"cdadmin","twitter_card":"summary_large_image","twitter_creator":"@my_lungs","twitter_site":"@my_lungs","twitter_misc":{"Verfasst von":"cdadmin","Gesch\u00e4tzte Lesezeit":"7\u00a0Minuten"},"schema":{"@context":"https:\/\/schema.org","@graph":[{"@type":"Article","@id":"https:\/\/pulmonx.com\/de\/bernd-65\/#article","isPartOf":{"@id":"https:\/\/pulmonx.com\/de\/bernd-65\/"},"author":{"name":"cdadmin","@id":"https:\/\/pulmonx.com\/de\/#\/schema\/person\/a3b675673063302965a5364f3912ef96"},"headline":"Bernd, 65","datePublished":"2026-06-24T14:26:33+00:00","dateModified":"2026-06-25T14:51:48+00:00","mainEntityOfPage":{"@id":"https:\/\/pulmonx.com\/de\/bernd-65\/"},"wordCount":1384,"publisher":{"@id":"https:\/\/pulmonx.com\/de\/#organization"},"image":{"@id":"https:\/\/pulmonx.com\/de\/bernd-65\/#primaryimage"},"thumbnailUrl":"https:\/\/pulmonx.com\/wp-content\/uploads\/2026\/06\/Gemini_Generated_Image_nb184snb184snb18.png","articleSection":["Patientengeschichte"],"inLanguage":"de"},{"@type":"WebPage","@id":"https:\/\/pulmonx.com\/de\/bernd-65\/","url":"https:\/\/pulmonx.com\/de\/bernd-65\/","name":"Bernd, 65 - Pulmonx","isPartOf":{"@id":"https:\/\/pulmonx.com\/de\/#website"},"primaryImageOfPage":{"@id":"https:\/\/pulmonx.com\/de\/bernd-65\/#primaryimage"},"image":{"@id":"https:\/\/pulmonx.com\/de\/bernd-65\/#primaryimage"},"thumbnailUrl":"https:\/\/pulmonx.com\/wp-content\/uploads\/2026\/06\/Gemini_Generated_Image_nb184snb184snb18.png","datePublished":"2026-06-24T14:26:33+00:00","dateModified":"2026-06-25T14:51:48+00:00","breadcrumb":{"@id":"https:\/\/pulmonx.com\/de\/bernd-65\/#breadcrumb"},"inLanguage":"de","potentialAction":[{"@type":"ReadAction","target":["https:\/\/pulmonx.com\/de\/bernd-65\/"]}]},{"@type":"ImageObject","inLanguage":"de","@id":"https:\/\/pulmonx.com\/de\/bernd-65\/#primaryimage","url":"https:\/\/pulmonx.com\/wp-content\/uploads\/2026\/06\/Gemini_Generated_Image_nb184snb184snb18.png","contentUrl":"https:\/\/pulmonx.com\/wp-content\/uploads\/2026\/06\/Gemini_Generated_Image_nb184snb184snb18.png","width":1024,"height":1024,"caption":"Bernd, 65"},{"@type":"BreadcrumbList","@id":"https:\/\/pulmonx.com\/de\/bernd-65\/#breadcrumb","itemListElement":[{"@type":"ListItem","position":1,"name":"Home","item":"https:\/\/pulmonx.com\/de\/"},{"@type":"ListItem","position":2,"name":"Bernd, 65"}]},{"@type":"WebSite","@id":"https:\/\/pulmonx.com\/de\/#website","url":"https:\/\/pulmonx.com\/de\/","name":"Pulmonx","description":"Helping Patients with COPD Breathe Easier","publisher":{"@id":"https:\/\/pulmonx.com\/de\/#organization"},"potentialAction":[{"@type":"SearchAction","target":{"@type":"EntryPoint","urlTemplate":"https:\/\/pulmonx.com\/de\/?s={search_term_string}"},"query-input":{"@type":"PropertyValueSpecification","valueRequired":true,"valueName":"search_term_string"}}],"inLanguage":"de"},{"@type":"Organization","@id":"https:\/\/pulmonx.com\/de\/#organization","name":"Pulmonx Corporation","url":"https:\/\/pulmonx.com\/de\/","logo":{"@type":"ImageObject","inLanguage":"de","@id":"https:\/\/pulmonx.com\/de\/#\/schema\/logo\/image\/","url":"https:\/\/pulmonx.com\/wp-content\/uploads\/2019\/09\/Logo-RGB.png","contentUrl":"https:\/\/pulmonx.com\/wp-content\/uploads\/2019\/09\/Logo-RGB.png","width":566,"height":217,"caption":"Pulmonx Corporation"},"image":{"@id":"https:\/\/pulmonx.com\/de\/#\/schema\/logo\/image\/"},"sameAs":["https:\/\/www.facebook.com\/Mylungsmylife","https:\/\/x.com\/my_lungs","https:\/\/www.linkedin.com\/company\/pulmonx","https:\/\/www.youtube.com\/channel\/UCOcSdewvx6iquPm_XcaYI5Q"]},{"@type":"Person","@id":"https:\/\/pulmonx.com\/de\/#\/schema\/person\/a3b675673063302965a5364f3912ef96","name":"cdadmin","image":{"@type":"ImageObject","inLanguage":"de","@id":"https:\/\/secure.gravatar.com\/avatar\/3a695cf131b2db4bac7b5473acc6316e5ca28cb0dd22605b6764a107e001d37b?s=96&d=mm&r=g","url":"https:\/\/secure.gravatar.com\/avatar\/3a695cf131b2db4bac7b5473acc6316e5ca28cb0dd22605b6764a107e001d37b?s=96&d=mm&r=g","contentUrl":"https:\/\/secure.gravatar.com\/avatar\/3a695cf131b2db4bac7b5473acc6316e5ca28cb0dd22605b6764a107e001d37b?s=96&d=mm&r=g","caption":"cdadmin"},"url":"https:\/\/pulmonx.com\/de\/author\/cdadmin\/"}]}},"distributor_meta":false,"distributor_terms":false,"distributor_media":false,"distributor_original_site_name":"Pulmonx","distributor_original_site_url":"https:\/\/pulmonx.com\/de\/","push-errors":false,"_links":{"self":[{"href":"https:\/\/pulmonx.com\/de\/wp-json\/wp\/v2\/posts\/101205","targetHints":{"allow":["GET"]}}],"collection":[{"href":"https:\/\/pulmonx.com\/de\/wp-json\/wp\/v2\/posts"}],"about":[{"href":"https:\/\/pulmonx.com\/de\/wp-json\/wp\/v2\/types\/post"}],"author":[{"embeddable":true,"href":"https:\/\/pulmonx.com\/de\/wp-json\/wp\/v2\/users\/1208"}],"replies":[{"embeddable":true,"href":"https:\/\/pulmonx.com\/de\/wp-json\/wp\/v2\/comments?post=101205"}],"version-history":[{"count":0,"href":"https:\/\/pulmonx.com\/de\/wp-json\/wp\/v2\/posts\/101205\/revisions"}],"wp:featuredmedia":[{"embeddable":true,"href":"https:\/\/pulmonx.com\/de\/wp-json\/wp\/v2\/media\/101207"}],"wp:attachment":[{"href":"https:\/\/pulmonx.com\/de\/wp-json\/wp\/v2\/media?parent=101205"}],"wp:term":[{"taxonomy":"category","embeddable":true,"href":"https:\/\/pulmonx.com\/de\/wp-json\/wp\/v2\/categories?post=101205"},{"taxonomy":"post_tag","embeddable":true,"href":"https:\/\/pulmonx.com\/de\/wp-json\/wp\/v2\/tags?post=101205"}],"curies":[{"name":"wp","href":"https:\/\/api.w.org\/{rel}","templated":true}]}}